{"id":1004,"date":"2021-02-02T17:44:53","date_gmt":"2021-02-02T19:44:53","guid":{"rendered":"http:\/\/servicentermedic1.hospedagemdesites.ws\/blog\/?p=1004"},"modified":"2021-02-02T17:44:53","modified_gmt":"2021-02-02T19:44:53","slug":"fevereiro-laranja-mes-de-conscientizacao-sobre-a-leucemia","status":"publish","type":"post","link":"http:\/\/servicenterblog.institucional.ws\/?p=1004","title":{"rendered":"Fevereiro Laranja: m\u00eas de conscientiza\u00e7\u00e3o sobre a leucemia"},"content":{"rendered":"<p>Cerca de 6 mil homens e 5 mil mulheres foram diagnosticados com\u00a0<strong>leucemia<\/strong>\u00a0no Brasil em 2020, segundo o Inca. Para alertar sobre os sintomas e conscientizar a popula\u00e7\u00e3o sobre esse c\u00e2ncer hematol\u00f3gico, foi aprovada a Campanha Fevereiro Laranja.<\/p>\n<p>A leucemia \u00e9 uma neoplasia maligna e acontece devido a uma muta\u00e7\u00e3o gen\u00e9tica que faz com que os gl\u00f3bulos brancos percam a fun\u00e7\u00e3o de defesa e passem a se reproduzir desordenadamente, causando quatro principais subtipos da doen\u00e7a.<\/p>\n<p>\u201c\u00c9 importante salientar que dentro da palavra leucemia est\u00e3o inclu\u00eddas v\u00e1rias doen\u00e7as diferentes entre si. De uma maneira geral, elas podem ser agudas ou cr\u00f4nicas. E, dependendo do tipo de linhagem de gl\u00f3bulo branco afetado, mieloides ou linfoides\u201d, explica o Dr. Nelson Hamerschlak, coordenador da Hematologia do\u00a0<a href=\"https:\/\/www.einstein.br\/Pages\/Home.aspx\" target=\"_blank\" rel=\"noopener noreferrer\">Hospital Israelita Albert Einstein<\/a>.<\/p>\n<p>Diferentemente de outros tipos de c\u00e2nceres que acontecem, principalmente, em pessoas de mais idade, as leucemias podem aparecer em qualquer \u00e9poca da vida. Inclusive, dentre os c\u00e2nceres pedi\u00e1tricos, ela est\u00e1 em primeiro lugar nos mais comuns (28%), seguida pelo c\u00e2ncer do sistema nervoso central (26%).<\/p>\n<p>A leucemia linfoide aguda (<a href=\"https:\/\/www.abrale.org.br\/lla\/o-que-e\" target=\"_blank\" rel=\"noopener noreferrer\">LLA<\/a>) \u00e9 mais comum em crian\u00e7as e jovens. Enquanto que as cr\u00f4nicas, sendo elas leucemia linfoide cr\u00f4nica (<a href=\"https:\/\/www.abrale.org.br\/llc\/o-que-e\" target=\"_blank\" rel=\"noopener noreferrer\">LLC<\/a>) e leucemia mieloide cr\u00f4nica (<a href=\"https:\/\/www.abrale.org.br\/lmc\/o-que-e\" target=\"_blank\" rel=\"noopener noreferrer\">LMC<\/a>), e a leucemia mieloide aguda (<a href=\"https:\/\/www.abrale.org.br\/lma\/o-que-e\" target=\"_blank\" rel=\"noopener noreferrer\">LMA<\/a>), aparecem mais em pessoas acima de 50 anos.<\/p>\n<p>N\u00e3o se sabe exatamente porqu\u00ea das leucemias se desenvolverem, entretanto acredita-se que \u00e9 devido a uma muta\u00e7\u00e3o gen\u00e9tica n\u00e3o som\u00e1tica. Ou seja, uma muta\u00e7\u00e3o que n\u00e3o pode ser passada de pai para filho.<\/p>\n<p>\u201cAlgumas causas que podem determinar essas muta\u00e7\u00f5es s\u00e3o conhecidas. Como irradia\u00e7\u00e3o, benzeno e outras subst\u00e2ncias qu\u00edmicas em grau de intoxica\u00e7\u00e3o. No entanto, de uma forma geral, n\u00e3o sabemos a causa e nem determinar o motivo de alguns tipos serem mais comuns em certa idade\u201d, diz o hematologista.<\/p>\n<h2><strong>Sintomas de leucemia<\/strong><\/h2>\n<p><strong><img loading=\"lazy\" class=\"wp-image-5414 alignleft lazyloaded\" src=\"https:\/\/revista.abrale.org.br\/wp-content\/uploads\/2020\/02\/shutterstock_1134849719-300x245.jpg\" sizes=\"(max-width: 104px) 100vw, 104px\" srcset=\"https:\/\/revista.abrale.org.br\/wp-content\/uploads\/2020\/02\/shutterstock_1134849719-300x245.jpg 300w, https:\/\/revista.abrale.org.br\/wp-content\/uploads\/2020\/02\/shutterstock_1134849719-768x628.jpg 768w, https:\/\/revista.abrale.org.br\/wp-content\/uploads\/2020\/02\/shutterstock_1134849719-1024x838.jpg 1024w, https:\/\/revista.abrale.org.br\/wp-content\/uploads\/2020\/02\/shutterstock_1134849719.jpg 733w\" alt=\"Leucemia, sintomas de leucemia, leucemia sintomas, sintomas de leucemia, sintomas da leucemia, Fevereiro laranja, fevereiro, m\u00eas, o que \u00e9 leucemia, manchas de leucemia, o que causa a leucemia, mes de fevereiro, leucemia manchas, tudo, sobre leucemia, o que leucemia, leucemia preven\u00e7\u00e3o, oque \u00e9 leucemia, preven\u00e7\u00e3o da leucemia , leucemia exames, como prevenir a leucemia, como s\u00e3o as manchas de leucemia, leucemia pele o que \u00e9 leucemia no sangue, hematomas de leucemia, leocemia, o sangue, quais os sintomas da leucemia, leucemia o que \u00e9, doen\u00e7a no sangue, sinais de leucemia, c\u00e2ncer no sangue, quais os sintomas de leucemia, leucemia \u00e9 cancer, leucemia no sangue, tipos de cancer no sangue, cancer ministerio da saude, leucemias, leucemia \u00e9 cancer, leucemia diagnostico, qual a fun\u00e7\u00e3o da medula \u00f3ssea?, tudo sobre leucemia, causas de leucemia, o que causa a doen\u00e7a leucemia, como saber se estou com leucemia, o que \u00e9 leucemia no sangue, leucemia sintomas iniciais, sinais de leucemia, tipos de leucemia, o que causa leucemia, leucemia sintomas e sinais, sintomas de leucemia infantil, primeiros sintomas de leucemia, quais s\u00e3o os primeiros sintomas da leucemia, sinais e sintomas de leucemia, leucemia manchas, quais sintomas de leucemia, leucemia sinais e sintomas, sintomas de leocemia, sintomas da leucemia no sangue\" width=\"104\" height=\"85\" data-srcset=\"https:\/\/revista.abrale.org.br\/wp-content\/uploads\/2020\/02\/shutterstock_1134849719-300x245.jpg 300w, https:\/\/revista.abrale.org.br\/wp-content\/uploads\/2020\/02\/shutterstock_1134849719-768x628.jpg 768w, https:\/\/revista.abrale.org.br\/wp-content\/uploads\/2020\/02\/shutterstock_1134849719-1024x838.jpg 1024w, https:\/\/revista.abrale.org.br\/wp-content\/uploads\/2020\/02\/shutterstock_1134849719.jpg 733w\" data-src=\"https:\/\/revista.abrale.org.br\/wp-content\/uploads\/2020\/02\/shutterstock_1134849719-300x245.jpg\" data-sizes=\"(max-width: 104px) 100vw, 104px\" \/><\/strong>Os sintomas dessa doen\u00e7a v\u00e3o variar de acordo com a sua intensidade, sendo que nas agudas, eles s\u00e3o mais vis\u00edveis.<\/p>\n<p>Tanto na LLA quanto na LMA, o paciente, normalmente, manifesta sinais de anemia, como palidez, cansa\u00e7o e sonol\u00eancia. Al\u00e9m de g\u00e2nglios aumentados, febre, infec\u00e7\u00f5es, sangramentos e hematomas.<\/p>\n<p>\u201cGeralmente, esses hematomas s\u00e3o parecidos com aqueles de trauma onde se formam equimoses (manchas roxas)\u201d, ressalta o Dr. Hamerschlak.<\/p>\n<p>Enquanto que nas leucemias cr\u00f4nicas, LLC e LMC, \u00e9 poss\u00edvel que os pacientes n\u00e3o apresentem nenhum sinal. Mas, os que desenvolvem, sentem cansa\u00e7o e aumento dos g\u00e2nglios e ba\u00e7o.<\/p>\n<p>Sim, esses sintomas podem parecer muito similares a sintomas de doen\u00e7as mais comuns, como a gripe. Por isso, o especialista indica que \u201ctodo paciente com sintomas como febre, palidez, fadiga e manchas roxas devem ser avaliados. O m\u00e9dico pedir\u00e1 os testes que julgar pertinente\u201d.<\/p>\n<p>Al\u00e9m dos sintomas aparentes, a leucemia tamb\u00e9m causa altera\u00e7\u00e3o nas c\u00e9lulas sangu\u00edneas que podem ser observadas por meio do hemograma. Por exemplo, o resultado desse exame de sangue de uma pessoa com leucemia apresentar\u00e1 diminui\u00e7\u00e3o dos gl\u00f3bulos vermelhos e plaquetas e aumento ou diminui\u00e7\u00e3o dos gl\u00f3bulos brancos. Entretanto, como outras doen\u00e7as n\u00e3o malignas tamb\u00e9m podem ter esse quadro, \u00e9 necess\u00e1rio pedir exames complementares, como o mielograma, para diagnosticar a leucemia.<\/p>\n<p>Os sintomas e sinais, geralmente, s\u00e3o os mesmos independente se o paciente for jovem ou adulto.<\/p>\n<h2><strong>Fevereiro Laranja<\/strong><\/h2>\n<p><img loading=\"lazy\" class=\"wp-image-5415 alignright lazyloaded\" src=\"https:\/\/revista.abrale.org.br\/wp-content\/uploads\/2020\/02\/shutterstock_1254103318-300x140.jpg\" sizes=\"(max-width: 167px) 100vw, 167px\" srcset=\"https:\/\/revista.abrale.org.br\/wp-content\/uploads\/2020\/02\/shutterstock_1254103318-300x140.jpg 300w, https:\/\/revista.abrale.org.br\/wp-content\/uploads\/2020\/02\/shutterstock_1254103318-768x358.jpg 768w, https:\/\/revista.abrale.org.br\/wp-content\/uploads\/2020\/02\/shutterstock_1254103318-1024x478.jpg 1024w, https:\/\/revista.abrale.org.br\/wp-content\/uploads\/2020\/02\/shutterstock_1254103318.jpg 1100w\" alt=\"Leucemia, sintomas de leucemia, leucemia sintomas, sintomas de leucemia, sintomas da leucemia, Fevereiro laranja, fevereiro, m\u00eas, o que \u00e9 leucemia, manchas de leucemia, o que causa a leucemia, mes de fevereiro, leucemia manchas, tudo, sobre leucemia, o que leucemia, leucemia preven\u00e7\u00e3o, oque \u00e9 leucemia, preven\u00e7\u00e3o da leucemia , leucemia exames, como prevenir a leucemia, como s\u00e3o as manchas de leucemia, leucemia pele o que \u00e9 leucemia no sangue, hematomas de leucemia, leocemia, o sangue, quais os sintomas da leucemia, leucemia o que \u00e9, doen\u00e7a no sangue, sinais de leucemia, c\u00e2ncer no sangue, quais os sintomas de leucemia, leucemia \u00e9 cancer, leucemia no sangue, tipos de cancer no sangue, cancer ministerio da saude, leucemias, leucemia \u00e9 cancer, leucemia diagnostico, qual a fun\u00e7\u00e3o da medula \u00f3ssea?, tudo sobre leucemia, causas de leucemia, o que causa a doen\u00e7a leucemia, como saber se estou com leucemia, o que \u00e9 leucemia no sangue, leucemia sintomas iniciais, sinais de leucemia, tipos de leucemia, o que causa leucemia, leucemia sintomas e sinais, sintomas de leucemia infantil, primeiros sintomas de leucemia, quais s\u00e3o os primeiros sintomas da leucemia, sinais e sintomas de leucemia, leucemia manchas, quais sintomas de leucemia, leucemia sinais e sintomas, sintomas de leocemia, sintomas da leucemia no sangue\" width=\"167\" height=\"78\" data-srcset=\"https:\/\/revista.abrale.org.br\/wp-content\/uploads\/2020\/02\/shutterstock_1254103318-300x140.jpg 300w, https:\/\/revista.abrale.org.br\/wp-content\/uploads\/2020\/02\/shutterstock_1254103318-768x358.jpg 768w, https:\/\/revista.abrale.org.br\/wp-content\/uploads\/2020\/02\/shutterstock_1254103318-1024x478.jpg 1024w, https:\/\/revista.abrale.org.br\/wp-content\/uploads\/2020\/02\/shutterstock_1254103318.jpg 1100w\" data-src=\"https:\/\/revista.abrale.org.br\/wp-content\/uploads\/2020\/02\/shutterstock_1254103318-300x140.jpg\" data-sizes=\"(max-width: 167px) 100vw, 167px\" \/>Essa campanha foi sancionada em novembro de 2019 no Estado de S\u00e3o Paulo. Seus principais objetivos s\u00e3o alertar a popula\u00e7\u00e3o sobre import\u00e2ncia do diagn\u00f3stico precoce e do tratamento da leucemia.<\/p>\n<p>Quando a leucemia infantil \u00e9 diagnosticada precocemente e a crian\u00e7a submetida ao tratamento adequado, as chances de cura chegam a 80%. Na LMC, a r\u00e1pida descoberta da doen\u00e7a permite que o paciente tenha uma vida praticamente normal, precisando apenas de uma medica\u00e7\u00e3o. Em alguns casos da LLC, \u00e9 preciso apenas o monitoramento por meio de exames anuais.<\/p>\n<p>J\u00e1 as leucemias agudas podem precisar de tratamento mais intenso, com quimioterapia, terapia alvo, radioterapia e\/ou\u00a0<a href=\"http:\/\/abrale.org.br\/tratamento\/transplante-de-medula-ossea\" target=\"_blank\" rel=\"noopener noreferrer\">transplante de medula \u00f3ssea<\/a>. Mas tamb\u00e9m apresentam bons progn\u00f3sticos se diagnosticadas rapidamente.<\/p>\n<p>O grande problema no transplante de medula \u00f3ssea, um dos temas abordados pela Campanha, \u00e9 a compatibilidade. Para que esse procedimento possa ser feito, \u00e9 preciso que a medula do paciente e do doador sejam compat\u00edveis. Assim como acontece no transplante de \u00f3rg\u00e3os.<\/p>\n<p>Procura-se essa compatibilidade primeiro entre os parentes mais pr\u00f3ximos. Caso n\u00e3o seja encontrado ningu\u00e9m, procura-se nos bancos de medula, como o Registro Nacional de Doadores de Medula \u00d3ssea (<a href=\"http:\/\/redome.inca.gov.br\/\" target=\"_blank\" rel=\"noopener noreferrer\">Redome<\/a>).<\/p>\n<p>Da\u00ed vem a import\u00e2ncia da doa\u00e7\u00e3o de medula \u00f3ssea. Achar algu\u00e9m compat\u00edvel \u00e9 dif\u00edcil. Entretanto, quanto mais volunt\u00e1rios doando, maior a chance de o paciente encontrar e poder realizar o transplante.<\/p>\n<p>Fonte: Associa\u00e7\u00e3o Brasileiro de Linfoma e Leucemia.<\/p>\n<p>A Servicenter apoia esta causa!<\/p>\n","protected":false},"excerpt":{"rendered":"<p>Cerca de 6 mil homens e 5 mil mulheres foram diagnosticados com\u00a0leucemia\u00a0no Brasil em 2020, segundo o Inca. Para alertar sobre os sintomas e conscientizar a popula\u00e7\u00e3o sobre esse c\u00e2ncer hematol\u00f3gico, foi aprovada a Campanha Fevereiro Laranja. A leucemia \u00e9 uma neoplasia maligna e acontece devido a uma muta\u00e7\u00e3o gen\u00e9tica que faz com que os [&hellip;]<\/p>\n","protected":false},"author":1,"featured_media":1005,"comment_status":"open","ping_status":"open","sticky":false,"template":"","format":"standard","meta":[],"categories":[2],"tags":[133,72,248,147,146,249,238],"_links":{"self":[{"href":"http:\/\/servicenterblog.institucional.ws\/index.php?rest_route=\/wp\/v2\/posts\/1004"}],"collection":[{"href":"http:\/\/servicenterblog.institucional.ws\/index.php?rest_route=\/wp\/v2\/posts"}],"about":[{"href":"http:\/\/servicenterblog.institucional.ws\/index.php?rest_route=\/wp\/v2\/types\/post"}],"author":[{"embeddable":true,"href":"http:\/\/servicenterblog.institucional.ws\/index.php?rest_route=\/wp\/v2\/users\/1"}],"replies":[{"embeddable":true,"href":"http:\/\/servicenterblog.institucional.ws\/index.php?rest_route=%2Fwp%2Fv2%2Fcomments&post=1004"}],"version-history":[{"count":1,"href":"http:\/\/servicenterblog.institucional.ws\/index.php?rest_route=\/wp\/v2\/posts\/1004\/revisions"}],"predecessor-version":[{"id":1006,"href":"http:\/\/servicenterblog.institucional.ws\/index.php?rest_route=\/wp\/v2\/posts\/1004\/revisions\/1006"}],"wp:featuredmedia":[{"embeddable":true,"href":"http:\/\/servicenterblog.institucional.ws\/index.php?rest_route=\/wp\/v2\/media\/1005"}],"wp:attachment":[{"href":"http:\/\/servicenterblog.institucional.ws\/index.php?rest_route=%2Fwp%2Fv2%2Fmedia&parent=1004"}],"wp:term":[{"taxonomy":"category","embeddable":true,"href":"http:\/\/servicenterblog.institucional.ws\/index.php?rest_route=%2Fwp%2Fv2%2Fcategories&post=1004"},{"taxonomy":"post_tag","embeddable":true,"href":"http:\/\/servicenterblog.institucional.ws\/index.php?rest_route=%2Fwp%2Fv2%2Ftags&post=1004"}],"curies":[{"name":"wp","href":"https:\/\/api.w.org\/{rel}","templated":true}]}}