{"id":1000,"date":"2021-01-19T17:41:56","date_gmt":"2021-01-19T19:41:56","guid":{"rendered":"http:\/\/servicentermedic1.hospedagemdesites.ws\/blog\/?p=1000"},"modified":"2021-01-19T17:41:56","modified_gmt":"2021-01-19T19:41:56","slug":"vacinacao-contra-a-covid-no-brasil-o-que-voce-precisa-saber","status":"publish","type":"post","link":"http:\/\/servicenterblog.institucional.ws\/?p=1000","title":{"rendered":"Vacina\u00e7\u00e3o contra a Covid no Brasil: o que voc\u00ea precisa saber"},"content":{"rendered":"<p>Na segunda-feira 18, Amazonas, Goi\u00e1s, Santa Catarina, Piau\u00ed, Pernambuco, Rio de Janeiro, Minas Gerais, Rio Grande do Sul, Paran\u00e1, Esp\u00edrito Santo, Tocantins, Maranh\u00e3o, Mato Grosso do Sul, Mato Grosso \u00a0e Cear\u00e1 come\u00e7aram a vacina\u00e7\u00e3o contra a Covid-19, juntando-se a S\u00e3o Paulo, que deu in\u00edcio \u00e0 aplica\u00e7\u00e3o no domingo, 17, logo ap\u00f3s a libera\u00e7\u00e3o de uso emergencial pela Anvisa.<\/p>\n<p>J\u00e1 nesta ter\u00e7a-feira, 19, foi a vez da Para\u00edba, Sergipe, Bahia, Alagoas, Par\u00e1, Roraima, Rond\u00f4nia, Rio Grande do Norte, Amap\u00e1, Acre e o Distrito Federal iniciarem a imuniza\u00e7\u00e3o contra a doen\u00e7a.<\/p>\n<p>Dessa forma, todos estados brasileiros e o DF j\u00e1 come\u00e7aram a imunizar sua popula\u00e7\u00e3o com a CoronaVac, vacina distribu\u00edda pelo Instituto Butantan e produzida em parceria com a farmac\u00eautica chinesa\u00a0Sinovac.<\/p>\n<p><strong>Quantas doses estar\u00e3o dispon\u00edveis para a popula\u00e7\u00e3o?<\/strong><\/p>\n<p>Neste come\u00e7o da vacina\u00e7\u00e3o, os brasileiros ser\u00e3o imunizados com 6 milh\u00f5es de doses da coronavac, a vacina desenvolvida pelo laborat\u00f3rio chin\u00eas Sinovac e que no Brasil est\u00e1 sendo produzida pelo Instituto Butantan, ligado ao governo de S\u00e3o Paulo.<\/p>\n<p>Havia a expectativa que tamb\u00e9m fossem usadas mais 2 milh\u00f5es de doses da vacina da Universidade de Oxford em parceria com o laborat\u00f3rio AstraZenaca. Mas a importa\u00e7\u00e3o da vacina pela Fiocruz, instituto ligado ao governo federal, n\u00e3o se concretizou e deve atrasar. A Fiocruz vai produzir no Brasil a vacina de Oxford, mas isso ainda n\u00e3o come\u00e7ou.<\/p>\n<h4><strong>Quais grupos v\u00e3o receber a vacina primeiro?<\/strong><\/h4>\n<p>Segundo o plano de imuniza\u00e7\u00e3o divulgado pelo Minist\u00e9rio da Sa\u00fade, est\u00e3o inclu\u00eddos na primeira fase os trabalhadores da \u00e1rea da sa\u00fade, pessoas acima de 75 anos, pessoas de 60 anos ou mais institucionalizadas (em asilos ou casas de repouso) e ind\u00edgenas. N\u00e3o foi divulgado ainda quais desses grupos ser\u00e3o priorizados para receber as primeiras doses dispon\u00edveis, que s\u00e3o poucas neste primeiro momento.<\/p>\n<p>A fase 2 contempla pessoas acima de 60 anos. Na fase 3, est\u00e3o inclu\u00eddos indiv\u00edduos com comorbidades como diabetes, hipertens\u00e3o, doen\u00e7a pulmonar obstrutiva cr\u00f4nica, doen\u00e7a renal, doen\u00e7as cardiovasculares e cerebrovasculares, anemia falciforme, c\u00e2ncer, obesidade grave e que tenham recebido transplante de \u00f3rg\u00e3o s\u00f3lido. A fase 4 inclui professores, for\u00e7as de Seguran\u00e7a e Salvamento e funcion\u00e1rios do sistema prisional. Povos e comunidades tradicionais ribeirinhas e quilombolas, pessoas com defici\u00eancia permanente severa e a popula\u00e7\u00e3o privada de liberdade tamb\u00e9m est\u00e3o inclu\u00eddas no plano como grupos priorit\u00e1rios, mas o Minist\u00e9rio da Sa\u00fade n\u00e3o especificou em qual fase.<\/p>\n<p><strong>Quando eu serei vacinado?\u00a0<\/strong><\/p>\n<p>O plano nacional de vacina\u00e7\u00e3o prev\u00ea duas etapas de vacina\u00e7\u00e3o. A primeira inclui o grupo priorit\u00e1rio e deve durar quatro meses \u2013 at\u00e9 maio, portanto. A outra etapa inclui a popula\u00e7\u00e3o adulta com menos de 60 anos e deve durar mais um ano. Ou seja, at\u00e9 maio de 2022.<\/p>\n<p>Terei de pagar pela vacina?<\/p>\n<p>N\u00e3o, o governo vai adquirir os imunizantes e ofert\u00e1-los gratuitamente por meio do Sistema \u00danico de Sa\u00fade (SUS).<\/p>\n<p><strong>Todos os brasileiros ser\u00e3o vacinados?\u00a0<\/strong><\/p>\n<p>O governo estima que 70% dos brasileiros ser\u00e3o vacinados em 2021. O Minist\u00e9rio da Sa\u00fade diz que ter\u00e1 \u00e0 disposi\u00e7\u00e3o 354 milh\u00f5es de doses em 2021. Como as vacinas que o Brasil tem at\u00e9 agora exigem duas doses para garantir a imunidade, isso ser\u00e1 suficiente para vacinar 177 milh\u00f5es dos cerca de 210 milh\u00f5es de brasileiros. Isso daria pouco mais de 84% da popula\u00e7\u00e3o, diferentemente dos 70%.<br \/>\nEm princ\u00edpio, apenas maiores de 18 anos ser\u00e3o vacinados. O plano nacional de imuniza\u00e7\u00e3o n\u00e3o prev\u00ea a vacina\u00e7\u00e3o de beb\u00eas, crian\u00e7as e adolescentes. Isso ocorre porque essas faixas et\u00e1rias n\u00e3o passaram pelos testes para garantir a seguran\u00e7a e efic\u00e1cia dos imunizantes. Mas eles poder\u00e3o vir a ser inclu\u00eddos na campanha nacional de imuniza\u00e7\u00e3o posteriormente, \u00e0 medida que novos estudos forem feitos para esses grupos. O Butantan, por exemplo, pretende incluir menores de 18 anos nos estudos da coronavac.<\/p>\n<p><strong>Posso escolher qual vacina tomar?<\/strong><\/p>\n<p>N\u00e3o. A vacina que ser\u00e1 aplicada em cada pessoa ser\u00e1 a que estiver dispon\u00edvel no momento da vacina\u00e7\u00e3o. Os crit\u00e9rios de uso da coronavac ou da vacina de Oxford ser\u00e3o definidos pelas autoridades de sa\u00fade. Grupos de mais risco, por exemplo, poder\u00e3o ter acesso \u00e0 vacina de Oxford, que garante uma imunidade maior. Mas, neste come\u00e7o da vacina\u00e7\u00e3o, todos receber\u00e3o doses da coronavac, que \u00e9 a \u00fanica dispon\u00edvel no Brasil por enquanto.<\/p>\n<p><strong>O governo federal negocia a compra de vacinas de outros laborat\u00f3rios?<\/strong><\/p>\n<p>Sim, o Minist\u00e9rio da Sa\u00fade segue realizando negocia\u00e7\u00f5es com outros laborat\u00f3rios, tais como Janssen (EUA), Moderna (EUA), Pfizer (Alemanha), Bharat Biotech (\u00cdndia) e Gamaleya (R\u00fassia).<\/p>\n<p><strong>Qual \u00e9 a efic\u00e1cia das vacinas que ser\u00e3o usadas no Brasil?\u00a0<\/strong><\/p>\n<p>A coronavac tem 50,38% de efic\u00e1cia geral. Ou seja, quem toma a vacina do Butantan tem 50% menos chance de contrair o coronav\u00edrus. Segundo os estudos, contudo, a coronavac tem 100% de efic\u00e1cia para casos graves e moderados e 78% de efic\u00e1cia contra casos leves. J\u00e1 a vacina de Oxford apresentou efic\u00e1cia m\u00e9dia de 70,4%. Isso significa que a pessoa que toma vacina de Oxford tem 70% de chance de n\u00e3o contrair o coronav\u00edrus.<\/p>\n<p><strong>Haver\u00e1 vacinas na rede particular para que eu possa me vacinar antes de chegar a minha vez na campanha de vacina\u00e7\u00e3o p\u00fablica?<br \/>\n<\/strong><\/p>\n<p>Isso ainda \u00e9 incerto. A Associa\u00e7\u00e3o Brasileira das Cl\u00ednicas de Vacinas ( ABCVAC) tenta negociar a compra de 5 milh\u00f5es de doses da vacina Covaxin, desenvolvida na \u00cdndia pelo laborat\u00f3rio Bharat Biotech. A ideia seria ofertar a vacina\u00e7\u00e3o na rede privada (vacina paga) a partir de mar\u00e7o.<\/p>\n<p>O presidente da ABCVAC, Geraldo Barbosa, afirmou em entrevista \u00e0 Folha de S. Paulo que o processo para a compra das doses da Covaxin est\u00e1 \u201cmuito bem encaminhado\u201d. Segundo ele, a compra ser\u00e1 finalizada assim que sair o registro definitivo da vacina no Brasil.<\/p>\n<p>Por\u00e9m, o governo federal tem colocado obst\u00e1culos para que haja vacina\u00e7\u00e3o na rede privada. Recentemente, representantes do governo federal disseram que v\u00e3o proibir que empresas comprem vacinas para seus funcion\u00e1rios. Em dezembro, o ministro da Sa\u00fade, Eduardo Pazuello, afirmou que a rede privada ter\u00e1 acesso \u00e0 vacina apenas depois que o SUS receba as doses de que precisa.<\/p>\n<p><strong>Serei obrigado a me vacinar?\u00a0<\/strong><\/p>\n<p>N\u00e3o, a vacina\u00e7\u00e3o n\u00e3o \u00e9 obrigat\u00f3ria. Por\u00e9m, o Supremo Tribunal Federal (STF) decidiu que os estados e munic\u00edpios poder\u00e3o impor san\u00e7\u00f5es \u00e0s pessoas que n\u00e3o se vacinarem, tais como restringir o acesso a determinados locais ou a certos benef\u00edcios do governo.<\/p>\n<p>Cada Estado ou Munic\u00edpio vai informar como ser\u00e1 feito o cadastro e demais medidas para a vacina\u00e7\u00e3o.<\/p>\n<p>Fonte: CNN Brasil<\/p>\n<p>&nbsp;<\/p>\n<p>&nbsp;<\/p>\n<p>&nbsp;<\/p>\n","protected":false},"excerpt":{"rendered":"<p>Na segunda-feira 18, Amazonas, Goi\u00e1s, Santa Catarina, Piau\u00ed, Pernambuco, Rio de Janeiro, Minas Gerais, Rio Grande do Sul, Paran\u00e1, Esp\u00edrito Santo, Tocantins, Maranh\u00e3o, Mato Grosso do Sul, Mato Grosso \u00a0e Cear\u00e1 come\u00e7aram a vacina\u00e7\u00e3o contra a Covid-19, juntando-se a S\u00e3o Paulo, que deu in\u00edcio \u00e0 aplica\u00e7\u00e3o no domingo, 17, logo ap\u00f3s a libera\u00e7\u00e3o de uso [&hellip;]<\/p>\n","protected":false},"author":1,"featured_media":1001,"comment_status":"open","ping_status":"open","sticky":false,"template":"","format":"standard","meta":[],"categories":[3],"tags":[247,245,239,142,207,190,163,56,156],"_links":{"self":[{"href":"http:\/\/servicenterblog.institucional.ws\/index.php?rest_route=\/wp\/v2\/posts\/1000"}],"collection":[{"href":"http:\/\/servicenterblog.institucional.ws\/index.php?rest_route=\/wp\/v2\/posts"}],"about":[{"href":"http:\/\/servicenterblog.institucional.ws\/index.php?rest_route=\/wp\/v2\/types\/post"}],"author":[{"embeddable":true,"href":"http:\/\/servicenterblog.institucional.ws\/index.php?rest_route=\/wp\/v2\/users\/1"}],"replies":[{"embeddable":true,"href":"http:\/\/servicenterblog.institucional.ws\/index.php?rest_route=%2Fwp%2Fv2%2Fcomments&post=1000"}],"version-history":[{"count":1,"href":"http:\/\/servicenterblog.institucional.ws\/index.php?rest_route=\/wp\/v2\/posts\/1000\/revisions"}],"predecessor-version":[{"id":1002,"href":"http:\/\/servicenterblog.institucional.ws\/index.php?rest_route=\/wp\/v2\/posts\/1000\/revisions\/1002"}],"wp:featuredmedia":[{"embeddable":true,"href":"http:\/\/servicenterblog.institucional.ws\/index.php?rest_route=\/wp\/v2\/media\/1001"}],"wp:attachment":[{"href":"http:\/\/servicenterblog.institucional.ws\/index.php?rest_route=%2Fwp%2Fv2%2Fmedia&parent=1000"}],"wp:term":[{"taxonomy":"category","embeddable":true,"href":"http:\/\/servicenterblog.institucional.ws\/index.php?rest_route=%2Fwp%2Fv2%2Fcategories&post=1000"},{"taxonomy":"post_tag","embeddable":true,"href":"http:\/\/servicenterblog.institucional.ws\/index.php?rest_route=%2Fwp%2Fv2%2Ftags&post=1000"}],"curies":[{"name":"wp","href":"https:\/\/api.w.org\/{rel}","templated":true}]}}